{"id":4433,"date":"2025-06-17T11:51:59","date_gmt":"2025-06-17T09:51:59","guid":{"rendered":"https:\/\/kieblerag.ch\/?p=4433"},"modified":"2025-06-17T11:51:59","modified_gmt":"2025-06-17T09:51:59","slug":"alfadou-neuer-haendler-in-frankreich","status":"publish","type":"post","link":"https:\/\/kieblerag.ch\/en\/2025\/06\/17\/alfadou-neuer-haendler-in-frankreich\/","title":{"rendered":"Alfadou &#8211; Neuer H\u00e4ndler in Frankreich"},"content":{"rendered":"<div id=\"pl-4384\"  class=\"panel-layout\" >\n<div id=\"pg-4384-0\"  class=\"panel-grid panel-no-style\"  data-style=\"{&quot;background_image_attachment&quot;:false,&quot;background_display&quot;:&quot;tile&quot;,&quot;cell_alignment&quot;:&quot;flex-start&quot;,&quot;animation_event&quot;:&quot;enter&quot;,&quot;animation_screen_offset&quot;:&quot;0&quot;,&quot;animation_duration&quot;:&quot;1&quot;,&quot;animation_repeat&quot;:&quot;&quot;,&quot;animation_hide&quot;:true,&quot;animation_delay&quot;:&quot;0&quot;}\"  data-ratio=\"1\"  data-ratio-direction=\"right\" >\n<div id=\"pgc-4384-0-0\"  class=\"panel-grid-cell\"  data-weight=\"1\" >\n<div id=\"panel-4384-0-0-0\" class=\"so-panel widget widget_sow-editor panel-first-child panel-last-child\" data-index=\"0\" data-style=\"{&quot;background_image_attachment&quot;:false,&quot;background_display&quot;:&quot;tile&quot;,&quot;animation_event&quot;:&quot;enter&quot;,&quot;animation_screen_offset&quot;:&quot;0&quot;,&quot;animation_duration&quot;:&quot;1&quot;,&quot;animation_repeat&quot;:&quot;&quot;,&quot;animation_hide&quot;:true,&quot;animation_delay&quot;:&quot;0&quot;}\" >\n<div class=\"so-widget-sow-editor so-widget-sow-editor-base\">\n<div class=\"siteorigin-widget-tinymce textwidget\">\n<p><strong>Neuer Vertriebspartner in Frankreich: Kiebler begr\u00fcsst Alfadou als offiziellen H\u00e4ndler<\/strong><\/p>\n<p data-start=\"91\" data-end=\"338\">Wir freuen uns, mit Alfadou einen neuen, starken Vertriebspartner f\u00fcr unsere Kiebler Heukr\u00e4ne in Frankreich gewonnen zu haben. Das Unternehmen bringt langj\u00e4hrige Erfahrung im Agrarsektor mit und steht f\u00fcr Kompetenz, Verl\u00e4sslichkeit und Kundenn\u00e4he.<\/p>\n<p data-start=\"340\" data-end=\"565\" data-is-last-node=\"\" data-is-only-node=\"\">Mit dieser Partnerschaft st\u00e4rken wir unsere Pr\u00e4senz auf dem franz\u00f6sischen Markt und schaffen die Basis f\u00fcr eine erfolgreiche Zusammenarbeit. Wir heissen Alfadou herzlich willkommen und freuen uns auf viele gemeinsame Projekte.<\/p>\n<\/div>\n<\/div>\n<\/div>\n<\/div>\n<\/div>\n<div id=\"pg-4384-1\"  class=\"panel-grid panel-no-style\"  data-style=\"{&quot;background_image_attachment&quot;:false,&quot;background_display&quot;:&quot;tile&quot;,&quot;cell_alignment&quot;:&quot;flex-start&quot;,&quot;animation_event&quot;:&quot;enter&quot;,&quot;animation_screen_offset&quot;:&quot;0&quot;,&quot;animation_duration&quot;:&quot;1&quot;,&quot;animation_repeat&quot;:&quot;&quot;,&quot;animation_hide&quot;:true,&quot;animation_delay&quot;:&quot;0&quot;}\" >\n<div id=\"pgc-4384-1-0\"  class=\"panel-grid-cell\"  data-weight=\"0.25\" >\n<div id=\"panel-4384-1-0-0\" class=\"so-panel widget widget_sow-image panel-first-child panel-last-child\" data-index=\"1\" data-style=\"{&quot;background_image_attachment&quot;:false,&quot;background_display&quot;:&quot;tile&quot;,&quot;animation_event&quot;:&quot;enter&quot;,&quot;animation_screen_offset&quot;:&quot;0&quot;,&quot;animation_duration&quot;:&quot;1&quot;,&quot;animation_repeat&quot;:&quot;&quot;,&quot;animation_hide&quot;:true,&quot;animation_delay&quot;:&quot;0&quot;}\" ><div\n\t\t\t\n\t\t\tclass=\"so-widget-sow-image so-widget-sow-image-default-8b5b6f678277\"\n\t\t\t\n\t\t>\n<div class=\"sow-image-container\">\n\t\t\t<a href=\"https:\/\/kieblerag.ch\/wp2018\/wp-content\/uploads\/2025\/06\/alfadou..png\"\n\t\t\tdata-lightbox=\"News\" data-lightbox-options=\"{&quot;alwaysShowNavOnTouchDevices&quot;:false,&quot;disabledOnTablet&quot;:false,&quot;disabledOnMobile&quot;:false,&quot;disableScrolling&quot;:false,&quot;overlayColor&quot;:&quot;#000&quot;,&quot;overlayOpacity&quot;:0.8000000000000000444089209850062616169452667236328125,&quot;fadeDuration&quot;:600,&quot;fitImagesInViewport&quot;:true,&quot;imageFadeDuration&quot;:600,&quot;maxHeight&quot;:&quot;&quot;,&quot;maxWidth&quot;:&quot;&quot;,&quot;positionFromTop&quot;:50,&quot;resizeDuration&quot;:700,&quot;showImageNumberLabel&quot;:true,&quot;disableCaption&quot;:&quot;&quot;,&quot;wrapAround&quot;:true,&quot;albumLabel&quot;:&quot;News %1 of %2&quot;}\" data-title=\"Alfadou - neuer H\u00e4ndler in Frankreich\" \t\t>\n\t\t\t<img \n\tsrc=\"https:\/\/kieblerag.ch\/wp2018\/wp-content\/uploads\/2025\/06\/alfadou.-1000x1000.png\" width=\"1000\" height=\"1000\" srcset=\"https:\/\/kieblerag.ch\/wp2018\/wp-content\/uploads\/2025\/06\/alfadou.-1000x1000.png 1000w, https:\/\/kieblerag.ch\/wp2018\/wp-content\/uploads\/2025\/06\/alfadou.-150x150.png 150w\" sizes=\"(max-width: 1000px) 100vw, 1000px\" title=\"Alfadou - neuer H\u00e4ndler in Frankreich\" alt=\"\" \t\tclass=\"so-widget-image\"\/>\n\t\t\t<\/a><\/div>\n\n<\/div><\/div>\n<\/div>\n<div id=\"pgc-4384-1-1\"  class=\"panel-grid-cell panel-grid-cell-empty\"  data-weight=\"0.25\" ><\/div>\n<div id=\"pgc-4384-1-2\"  class=\"panel-grid-cell panel-grid-cell-empty panel-grid-cell-mobile-last\"  data-weight=\"0.25\" ><\/div>\n<div id=\"pgc-4384-1-3\"  class=\"panel-grid-cell panel-grid-cell-empty\"  data-weight=\"0.25\" ><\/div>\n<\/div>\n<\/div>\n","protected":false},"excerpt":{"rendered":"<p>Neuer Vertriebspartner in Frankreich: Kiebler begr\u00fcsst Alfadou als offiziellen H\u00e4ndler Wir freuen uns, mit Alfadou einen &hellip;<\/p>\n<p class=\"p-button\"><a class=\"button-weiss\" href=\"https:\/\/kieblerag.ch\/en\/2025\/06\/17\/alfadou-neuer-haendler-in-frankreich\/\">continue reading<\/a><\/p>\n","protected":false},"author":2,"featured_media":4386,"comment_status":"open","ping_status":"open","sticky":false,"template":"","format":"standard","meta":{"footnotes":""},"categories":[16],"tags":[],"class_list":["post-4433","post","type-post","status-publish","format-standard","has-post-thumbnail","hentry","category-news-en"],"_links":{"self":[{"href":"https:\/\/kieblerag.ch\/en\/wp-json\/wp\/v2\/posts\/4433","targetHints":{"allow":["GET"]}}],"collection":[{"href":"https:\/\/kieblerag.ch\/en\/wp-json\/wp\/v2\/posts"}],"about":[{"href":"https:\/\/kieblerag.ch\/en\/wp-json\/wp\/v2\/types\/post"}],"author":[{"embeddable":true,"href":"https:\/\/kieblerag.ch\/en\/wp-json\/wp\/v2\/users\/2"}],"replies":[{"embeddable":true,"href":"https:\/\/kieblerag.ch\/en\/wp-json\/wp\/v2\/comments?post=4433"}],"version-history":[{"count":3,"href":"https:\/\/kieblerag.ch\/en\/wp-json\/wp\/v2\/posts\/4433\/revisions"}],"predecessor-version":[{"id":4436,"href":"https:\/\/kieblerag.ch\/en\/wp-json\/wp\/v2\/posts\/4433\/revisions\/4436"}],"wp:featuredmedia":[{"embeddable":true,"href":"https:\/\/kieblerag.ch\/en\/wp-json\/wp\/v2\/media\/4386"}],"wp:attachment":[{"href":"https:\/\/kieblerag.ch\/en\/wp-json\/wp\/v2\/media?parent=4433"}],"wp:term":[{"taxonomy":"category","embeddable":true,"href":"https:\/\/kieblerag.ch\/en\/wp-json\/wp\/v2\/categories?post=4433"},{"taxonomy":"post_tag","embeddable":true,"href":"https:\/\/kieblerag.ch\/en\/wp-json\/wp\/v2\/tags?post=4433"}],"curies":[{"name":"wp","href":"https:\/\/api.w.org\/{rel}","templated":true}]}}